{"id":1105,"date":"2024-09-08T18:42:37","date_gmt":"2024-09-08T16:42:37","guid":{"rendered":"https:\/\/aubergedevalmoureze.com\/?p=1105"},"modified":"2024-09-10T13:21:27","modified_gmt":"2024-09-10T11:21:27","slug":"salasc-au-fil-de-leau","status":"publish","type":"post","link":"https:\/\/aubergedevalmoureze.com\/en\/salasc-au-fil-de-leau\/","title":{"rendered":"Salasc au fil de l\u2019eau"},"content":{"rendered":"<p><span id=\"E73\">Une<\/span><span id=\"E74\">\u00a0id\u00e9e de\u00a0<\/span><span id=\"E75\">balade\u00a0<\/span><span id=\"E76\">dans le village de\u00a0<\/span><span id=\"E78\">Salasc<\/span><span id=\"E80\">\u00a0<\/span><span id=\"E81\">pour d\u00e9couvrir\u00a0<\/span><span id=\"E82\">les\u00a0<\/span><span id=\"E83\">canaux d\u2019irrigation<\/span><span id=\"E84\">, ces fameux\u00a0<\/span><span id=\"E86\">b\u00e9als<\/span><span id=\"E88\">, qui ont irrigu\u00e9 les jardins potagers et vignes de la commune depuis le moyen-\u00e2ge.<\/span><\/p>\n<p id=\"E89\"><span id=\"E90\">Le d\u00e9part se fait au parking, situ\u00e9 \u00e0 la sortie de\u00a0<\/span><span id=\"E92\">Salasc<\/span><span id=\"E94\">\u00a0en direction de Mour\u00e8ze (<\/span><span id=\"E95\">vers le haut du village).<\/span><span id=\"E96\">\u00a0<\/span><\/p>\n<p id=\"E103\"><span id=\"E104\">L\u2019eau viendra murmurer r\u00e9guli\u00e8rement \u00e0 vos oreilles pendant cette promenade d\u2019environ 2h30\u2026 N\u2019oubliez pas vos chapeaux\u00a0!<\/span><\/p>\n<p><a href=\"https:\/\/www.sentiers-en-france.eu\/sentiers-herault-34\/lodeve\/sentier-le-sentier-des-beals-salasc\" target=\"_blank\" rel=\"nofollow noopener\">Voir la fiche rando<\/a><\/p>\n<p>&nbsp;<\/p>","protected":false},"excerpt":{"rendered":"<p>Une\u00a0id\u00e9e de\u00a0balade\u00a0dans le village de\u00a0Salasc\u00a0pour d\u00e9couvrir\u00a0les\u00a0canaux d\u2019irrigation, ces fameux\u00a0b\u00e9als, qui ont irrigu\u00e9 les jardins potagers et vignes de la commune depuis le moyen-\u00e2ge. Le d\u00e9part se fait au parking, situ\u00e9 \u00e0 la sortie de\u00a0Salasc\u00a0en direction de Mour\u00e8ze (vers le haut du village).\u00a0 L\u2019eau viendra murmurer r\u00e9guli\u00e8rement \u00e0 vos oreilles pendant cette promenade d\u2019environ 2h30\u2026 N\u2019oubliez [&hellip;]<\/p>","protected":false},"author":1,"featured_media":1106,"comment_status":"closed","ping_status":"closed","sticky":false,"template":"","format":"standard","meta":{"footnotes":""},"categories":[5],"tags":[],"class_list":["post-1105","post","type-post","status-publish","format-standard","has-post-thumbnail","hentry","category-aux-alentours"],"_links":{"self":[{"href":"https:\/\/aubergedevalmoureze.com\/en\/wp-json\/wp\/v2\/posts\/1105","targetHints":{"allow":["GET"]}}],"collection":[{"href":"https:\/\/aubergedevalmoureze.com\/en\/wp-json\/wp\/v2\/posts"}],"about":[{"href":"https:\/\/aubergedevalmoureze.com\/en\/wp-json\/wp\/v2\/types\/post"}],"author":[{"embeddable":true,"href":"https:\/\/aubergedevalmoureze.com\/en\/wp-json\/wp\/v2\/users\/1"}],"replies":[{"embeddable":true,"href":"https:\/\/aubergedevalmoureze.com\/en\/wp-json\/wp\/v2\/comments?post=1105"}],"version-history":[{"count":1,"href":"https:\/\/aubergedevalmoureze.com\/en\/wp-json\/wp\/v2\/posts\/1105\/revisions"}],"predecessor-version":[{"id":1107,"href":"https:\/\/aubergedevalmoureze.com\/en\/wp-json\/wp\/v2\/posts\/1105\/revisions\/1107"}],"wp:featuredmedia":[{"embeddable":true,"href":"https:\/\/aubergedevalmoureze.com\/en\/wp-json\/wp\/v2\/media\/1106"}],"wp:attachment":[{"href":"https:\/\/aubergedevalmoureze.com\/en\/wp-json\/wp\/v2\/media?parent=1105"}],"wp:term":[{"taxonomy":"category","embeddable":true,"href":"https:\/\/aubergedevalmoureze.com\/en\/wp-json\/wp\/v2\/categories?post=1105"},{"taxonomy":"post_tag","embeddable":true,"href":"https:\/\/aubergedevalmoureze.com\/en\/wp-json\/wp\/v2\/tags?post=1105"}],"curies":[{"name":"wp","href":"https:\/\/api.w.org\/{rel}","templated":true}]}}